{"id":11566,"date":"2017-09-15T15:45:44","date_gmt":"2017-09-15T14:45:44","guid":{"rendered":"http:\/\/comeconmigo.net\/?p=11566"},"modified":"2019-09-05T13:58:56","modified_gmt":"2019-09-05T12:58:56","slug":"cakes-de-masa-madre-limon-y-semillas-de-amapola","status":"publish","type":"post","link":"https:\/\/comeconmigo.net\/fr\/cakes-de-masa-madre-limon-y-semillas-de-amapola\/","title":{"rendered":"CAKES CITRON PAVOT AU LEVAIN"},"content":{"rendered":"<p>[vc_row][vc_column][vc_column_text]Je ne parle pas souvent de <a href=\"https:\/\/comeconmigo.net\/?p=235\">Monsieur Blop<\/a> notre levain maison mais il partage notre vie depuis maintenant 8 ans! Et oui, aujourd&rsquo;hui c&rsquo;est son anniversaire!<\/p>\n<p>On ne pr\u00e9pare pas de pain maison tous les jours mais en revanche on nourrit <a href=\"https:\/\/comeconmigo.net\/?p=235\">Monsieur Blop<\/a> quotidiennement. Du coup, il faut faire preuve d&rsquo;imagination pour \u00e9couler le levain non utilis\u00e9. A la maison on craque sur les <a href=\"https:\/\/comeconmigo.net\/?p=53\">crumpets au levain<\/a> et au d\u00eener le <a href=\"https:\/\/comeconmigo.net\/?p=579\">mi-pain mi-cake aux asperges vertes<\/a> fait toujours son petit effet.<\/p>\n<p>Cette fois-ci, nous avons brod\u00e9 autour de l&rsquo;id\u00e9e du <a href=\"https:\/\/comeconmigo.net\/?p=726\">bundtcake citron pavot<\/a> et voil\u00e0 le r\u00e9sultat!<\/p>\n<p>Bon week end![\/vc_column_text][vc_single_image image=\u00a0\u00bb24139&Prime; img_size=\u00a0\u00bb400&#215;600&Prime; alignment=\u00a0\u00bbcenter\u00a0\u00bb][\/vc_column][\/vc_row][vc_row][vc_column width=\u00a0\u00bb7\/12&Prime;][vc_text_separator title=\u00a0\u00bbAujourd&rsquo;hui&#8230;\u00a0\u00bb color=\u00a0\u00bbblack\u00a0\u00bb]\n\t\t\t<section class=\"image-edge\">\n\t\t\t    <div class=\"col-md-6 col-sm-4 p0 col-md-push-6 col-sm-push-8\">\n\t\t\t        <img width=\"600\" height=\"896\" src=\"https:\/\/comeconmigo.net\/wp-content\/uploads\/2017\/09\/Cakes-de-masa-madre-lim\u00f3n-y-semillas-de-amapola-17.jpg\" class=\"mb-xs-24\" alt=\"\" loading=\"lazy\" srcset=\"https:\/\/comeconmigo.net\/wp-content\/uploads\/2017\/09\/Cakes-de-masa-madre-lim\u00f3n-y-semillas-de-amapola-17.jpg 600w, https:\/\/comeconmigo.net\/wp-content\/uploads\/2017\/09\/Cakes-de-masa-madre-lim\u00f3n-y-semillas-de-amapola-17-201x300.jpg 201w\" sizes=\"(max-width: 600px) 100vw, 600px\" \/>\n\t\t\t    <\/div>\n\t\t\t    <div class=\"container\">\n\t\t\t        <div class=\"col-md-5 col-md-pull-0 col-sm-7 col-sm-pull-4 v-align-transform\">\n\t\t\t            [vc_column_text]<\/p>\n<h3 style=\"text-align: left;\">CAKES CITRON PAVOT AU LEVAIN<\/h3>\n<p>[\/vc_column_text]\n\t\t\t        <\/div>\n\t\t\t    <\/div>\n\t\t\t<\/section>\n\t\t[\/vc_column][vc_column width=\u00a0\u00bb5\/12&Prime;][vc_text_separator title=\u00a0\u00bbUn jour comme aujourd&rsquo;hui, il y a&#8230;\u00a0\u00bb color=\u00a0\u00bbblack\u00a0\u00bb][vc_column_text]\u2026 1 an:\u00a0<a href=\"https:\/\/comeconmigo.net\/?p=568\">Prunes r\u00f4ties fa\u00e7on cobbler sans gluten<\/a><\/p>\n<p>\u2026 2 ans:\u00a0<a href=\"https:\/\/comeconmigo.net\/?p=705\">Seiche aux pommes de Terre de la famille Roca<\/a><\/p>\n<p>\u2026 3 ans:\u00a0<a href=\"https:\/\/comeconmigo.net\/?p=831\">Tarte Tomate Ricotta<\/a><\/p>\n<p>\u2026 4 ans:\u00a0<a href=\"https:\/\/comeconmigo.net\/?p=911\">Pommes de Terre en Cro\u00fbte d&rsquo;Algues<\/a><\/p>\n<p>\u2026 5 ans:\u00a0<a href=\"https:\/\/comeconmigo.net\/?p=120\">Cake au Chocolat, Epices &amp; Gingembre Confit<\/a><\/p>\n<p>\u2026 6 ans:\u00a0<a href=\"https:\/\/comeconmigo.net\/?p=243\">Escab\u00e8che de Courgettes<\/a><\/p>\n<p>\u2026 7 ans:\u00a0<a href=\"https:\/\/comeconmigo.net\/?p=356\">Pain au Levain et aux Graines de Lin<\/a><\/p>\n<p>\u2026 8 ans:\u00a0<a href=\"https:\/\/comeconmigo.net\/?p=476\">Le Yahourt Nature<\/a>[\/vc_column_text][\/vc_column][\/vc_row][vc_row][vc_column width=\u00a0\u00bb1\/4&Prime; css=\u00a0\u00bb.vc_custom_1502280835828{background-color: #fff0dd !important;}\u00a0\u00bb][vc_column_text]<\/p>\n<h3 style=\"text-align: center;\">4 moules \u00e0 cake individuels<\/h3>\n<p align=\"center\">60g de levain<\/p>\n<p align=\"center\">2 petits oeufs<\/p>\n<p align=\"center\">25g d&rsquo;huile de p\u00e9pins de raisins<\/p>\n<p align=\"center\">20g d&rsquo;huile d&rsquo;olive<\/p>\n<p align=\"center\">25g de graines de pavot<\/p>\n<p align=\"center\">60g de sucre roux<\/p>\n<p align=\"center\">130g de farine<\/p>\n<p align=\"center\">2cc* de levure chimique<\/p>\n<p align=\"center\">Le jus et le zeste r\u00e2p\u00e9 d&rsquo;un petit citron<\/p>\n<p align=\"center\">Une pinc\u00e9e de sel<\/p>\n<p>[\/vc_column_text][\/vc_column][vc_column width=\u00a0\u00bb3\/4&Prime; css=\u00a0\u00bb.vc_custom_1502280820239{padding-top: 10px !important;padding-right: 10px !important;padding-bottom: 10px !important;padding-left: 10px !important;}\u00a0\u00bb][vc_column_text]<\/p>\n<p align=\"center\">Dans un bol, m\u00e9langer la farine tamis\u00e9e, la levure, le sel, le sucre roux, les graines de pavot et le sucre roux.<\/p>\n<p align=\"center\">Dans un autre bol, m\u00e9langer le levain avec les oeufs, les deux sortes d&rsquo;huile et le jus de citron. Bien battre pour obtenir une p\u00e2te bien lisse.<\/p>\n<p align=\"center\">Rajouter ensuite les poudres progressivement et m\u00e9langer juste ce qu&rsquo;il faut pour qu&rsquo;on ne voit plus la farine mais sans trop battre pour ne pas durcir la p\u00e2te.<\/p>\n<p align=\"center\">Verser la p\u00e2te dans 4 moules \u00e0 cakes individuels ou 6 empreintes \u00e0 muffins pr\u00e9alablement pass\u00e9s au spray d\u00e9moulant et enfourner pour 25\/30 minutes. V\u00e9rifier la cuisson avec une brochette.<\/p>\n<p align=\"center\">D\u00e9mouler et laisser refroidir sur une grille.<\/p>\n<p>[\/vc_column_text][vc_column_text]<\/p>\n<p style=\"text-align: center;\"><i>Bon profit!<\/i><\/p>\n<p><em>Quelques informations plus ou moins utiles<\/em><\/p>\n<p>*cc: cuill\u00e8re \u00e0 caf\u00e9[\/vc_column_text][vc_single_image image=\u00a0\u00bb11028&Prime; alignment=\u00a0\u00bbcenter\u00a0\u00bb][\/vc_column][\/vc_row][vc_row][vc_column][vc_column_text]<\/p>\n<h3>Encore un petit creux\u2026<\/h3>\n<p>[\/vc_column_text][vc_basic_grid post_type=\u00a0\u00bbpost\u00a0\u00bb max_items=\u00a0\u00bb6&Prime; element_width=\u00a0\u00bb2&Prime; gap=\u00a0\u00bb0&Prime; orderby=\u00a0\u00bbrand\u00a0\u00bb item=\u00a0\u00bbbasicGrid_VerticalFlip\u00a0\u00bb grid_id=\u00a0\u00bbvc_gid:1567688287283-ce420cb8-1b51-5&Prime; taxonomies=\u00a0\u00bb331&Prime;][\/vc_column][\/vc_row]<\/p>","protected":false},"excerpt":{"rendered":"<p>Je ne parle pas souvent de Monsieur Blop notre levain maison mais il partage notre vie depuis maintenant 8 ans! Et oui, aujourd&rsquo;hui c&rsquo;est son anniversaire!<\/p>\n","protected":false},"author":2,"featured_media":11568,"comment_status":"open","ping_status":"closed","sticky":false,"template":"","format":"standard","meta":[],"categories":[331,345],"tags":[],"jetpack_featured_media_url":"https:\/\/comeconmigo.net\/wp-content\/uploads\/2017\/09\/Cakes-de-masa-madre-lim\u00f3n-y-semillas-de-amapola-9.jpg","_links":{"self":[{"href":"https:\/\/comeconmigo.net\/fr\/wp-json\/wp\/v2\/posts\/11566"}],"collection":[{"href":"https:\/\/comeconmigo.net\/fr\/wp-json\/wp\/v2\/posts"}],"about":[{"href":"https:\/\/comeconmigo.net\/fr\/wp-json\/wp\/v2\/types\/post"}],"author":[{"embeddable":true,"href":"https:\/\/comeconmigo.net\/fr\/wp-json\/wp\/v2\/users\/2"}],"replies":[{"embeddable":true,"href":"https:\/\/comeconmigo.net\/fr\/wp-json\/wp\/v2\/comments?post=11566"}],"version-history":[{"count":0,"href":"https:\/\/comeconmigo.net\/fr\/wp-json\/wp\/v2\/posts\/11566\/revisions"}],"wp:featuredmedia":[{"embeddable":true,"href":"https:\/\/comeconmigo.net\/fr\/wp-json\/wp\/v2\/media\/11568"}],"wp:attachment":[{"href":"https:\/\/comeconmigo.net\/fr\/wp-json\/wp\/v2\/media?parent=11566"}],"wp:term":[{"taxonomy":"category","embeddable":true,"href":"https:\/\/comeconmigo.net\/fr\/wp-json\/wp\/v2\/categories?post=11566"},{"taxonomy":"post_tag","embeddable":true,"href":"https:\/\/comeconmigo.net\/fr\/wp-json\/wp\/v2\/tags?post=11566"}],"curies":[{"name":"wp","href":"https:\/\/api.w.org\/{rel}","templated":true}]}}