{"id":225,"count":16,"description":"","link":"https:\/\/comeconmigo.net\/fr\/category\/recetas\/verduras\/verduras-combinadas\/","name":"L\u00e9gumes M\u00e9lang\u00e9s","slug":"verduras-combinadas","taxonomy":"category","parent":224,"meta":[],"_links":{"self":[{"href":"https:\/\/comeconmigo.net\/fr\/wp-json\/wp\/v2\/categories\/225"}],"collection":[{"href":"https:\/\/comeconmigo.net\/fr\/wp-json\/wp\/v2\/categories"}],"about":[{"href":"https:\/\/comeconmigo.net\/fr\/wp-json\/wp\/v2\/taxonomies\/category"}],"up":[{"embeddable":true,"href":"https:\/\/comeconmigo.net\/fr\/wp-json\/wp\/v2\/categories\/224"}],"wp:post_type":[{"href":"https:\/\/comeconmigo.net\/fr\/wp-json\/wp\/v2\/posts?categories=225"}],"curies":[{"name":"wp","href":"https:\/\/api.w.org\/{rel}","templated":true}]}}